{"id":2622,"date":"2017-08-28T09:59:42","date_gmt":"2017-08-28T07:59:42","guid":{"rendered":"http:\/\/intercultural-learning.eu\/?p=2622"},"modified":"2017-11-27T10:00:07","modified_gmt":"2017-11-27T09:00:07","slug":"la-toolbox-e-disponibile","status":"publish","type":"post","link":"https:\/\/intercultural-learning.eu\/it\/la-toolbox-e-disponibile\/","title":{"rendered":"La toolbox \u00e8 disponibile!"},"content":{"rendered":"<p>La prima versione della toolbox \u00e8 disponibile! La puoi trovare qui:\u00a0<a href=\"https:\/\/intercultural-learning.eu\/it\/toolbox\/\">http:\/\/intercultural-learning.eu\/it\/toolbox\/<\/a>.<\/p>\n<p>La toolbox \u00e8 divisa in 4 sezioni:\u00a0<b>\u00a0attivit\u00e0 che coinvolgono tutta la scuola, attivit\u00e0 interdisciplinari, attivit\u00e0 curricolari e attivit\u00e0 per l&#8217;organizzazione della mobilit\u00e0 internazionale.<\/b>\u00a0La toolbox \u00e8 attualmente disponibile in inglese, ma verr\u00e0 presto tradotta in francese, italiano e tedesco.<\/p>\n<p>La sperimentazione nelle scuole tra settembre 217 e marzo 2018 permetter\u00e0 di raccogliere feedback e consigli per modificare e migliorare la toolbox. I suggerimenti verranno raccolti attraverso:<\/p>\n<ul>\n<li>il corso di formazione che si terr\u00e0 alla fine di agosto a Berlino<\/li>\n<li>i corsi di formazione al livello nazionale<\/li>\n<li>i resoconti degli insegnanti coinvolti nella sperimentazione<\/li>\n<li>i commenti sotto ogni attivit\u00e0 della toolbox!<\/li>\n<\/ul>\n","protected":false},"excerpt":{"rendered":"<p>La prima versione della toolbox \u00e8 disponibile! La puoi trovare qui:\u00a0http:\/\/intercultural-learning.eu\/it\/toolbox\/. La toolbox \u00e8 divisa in 4 sezioni:\u00a0\u00a0attivit\u00e0 che coinvolgono tutta la scuola, attivit\u00e0 interdisciplinari, attivit\u00e0 curricolari e attivit\u00e0 per l&#8217;organizzazione della mobilit\u00e0 internazionale.\u00a0La toolbox \u00e8 attualmente disponibile in inglese, ma verr\u00e0 presto tradotta in francese, italiano e tedesco. La sperimentazione nelle scuole tra settembre [&hellip;]<\/p>\n","protected":false},"author":2,"featured_media":0,"comment_status":"open","ping_status":"open","sticky":false,"template":"","format":"standard","meta":{"_themeisle_gutenberg_block_has_review":false,"footnotes":""},"categories":[43],"tags":[],"class_list":["post-2622","post","type-post","status-publish","format-standard","hentry","category-news-it"],"_links":{"self":[{"href":"https:\/\/intercultural-learning.eu\/it\/wp-json\/wp\/v2\/posts\/2622\/"}],"collection":[{"href":"https:\/\/intercultural-learning.eu\/it\/wp-json\/wp\/v2\/posts\/"}],"about":[{"href":"https:\/\/intercultural-learning.eu\/it\/wp-json\/wp\/v2\/types\/post\/"}],"author":[{"embeddable":true,"href":"https:\/\/intercultural-learning.eu\/it\/wp-json\/wp\/v2\/users\/2\/"}],"replies":[{"embeddable":true,"href":"https:\/\/intercultural-learning.eu\/it\/wp-json\/wp\/v2\/comments\/?post=2622"}],"version-history":[{"count":1,"href":"https:\/\/intercultural-learning.eu\/it\/wp-json\/wp\/v2\/posts\/2622\/revisions\/"}],"predecessor-version":[{"id":2623,"href":"https:\/\/intercultural-learning.eu\/it\/wp-json\/wp\/v2\/posts\/2622\/revisions\/2623\/"}],"wp:attachment":[{"href":"https:\/\/intercultural-learning.eu\/it\/wp-json\/wp\/v2\/media\/?parent=2622"}],"wp:term":[{"taxonomy":"category","embeddable":true,"href":"https:\/\/intercultural-learning.eu\/it\/wp-json\/wp\/v2\/categories\/?post=2622"},{"taxonomy":"post_tag","embeddable":true,"href":"https:\/\/intercultural-learning.eu\/it\/wp-json\/wp\/v2\/tags\/?post=2622"}],"curies":[{"name":"wp","href":"https:\/\/api.w.org\/{rel}","templated":true}]}}